{"id":1639,"date":"2020-06-04T15:03:00","date_gmt":"2020-06-04T18:03:00","guid":{"rendered":"https:\/\/go7.site\/radioprogresso\/fernando-borges\/"},"modified":"2020-06-04T15:03:00","modified_gmt":"2020-06-04T18:03:00","slug":"fernando-borges","status":"publish","type":"post","link":"https:\/\/progresso.fm.br\/play\/fernando-borges\/","title":{"rendered":"Fernando Borges"},"content":{"rendered":"<p><span style=\"font-size: 16px;\">Fernando Borges reiniciou na R&aacute;dio Progresso em 23 de maio de 2020, visto que j&aacute; havia feito parte da equipe nos anos de 2013 a 2017.<\/span><\/p>\n<p><span style=\"font-size: 16px;\">Est&aacute; no &agrave;r de segunda a sexta das 8 as 11 da manh&atilde; &#8211; Programa Manh&atilde; 102 &#8211; e aos s&aacute;bados das 9 as 12 no Conex&atilde;o 102.<\/span><\/p>\n<p><span style=\"font-size: 16px;\">Fernando tamb&eacute;m faz parte da &aacute;rea de Marketing Digital da Progresso FM.<\/span><\/p>\n<p><span style=\"font-size: 16px;\">Conhe&ccedil;a mais o Locutor Fernando Borges em seu perfil FaceBook Clicando <a href=\"https:\/\/web.facebook.com\/LocutorFernandoBorges\" target=\"_blank\" rel=\"noopener noreferrer\"><strong>AQUI<\/strong><\/a><\/span><\/p>\n<p>&nbsp;<\/p>\n","protected":false},"excerpt":{"rendered":"<p>Fernando Borges reiniciou na R&aacute;dio Progresso em 23 de maio de 2020, visto que j&aacute; havia feito parte da equipe nos anos de 2013 a 2017. Est&aacute; no &agrave;r de segunda a sexta das 8 as 11 da manh&atilde; &#8211; Programa Manh&atilde; 102 &#8211; e aos s&aacute;bados das 9 as 12 no Conex&atilde;o 102. Fernando [&hellip;]<\/p>\n","protected":false},"author":5,"featured_media":1640,"comment_status":"open","ping_status":"open","sticky":false,"template":"","format":"standard","meta":{"footnotes":""},"categories":[19],"tags":[],"class_list":["post-1639","post","type-post","status-publish","format-standard","has-post-thumbnail","hentry","category-nossa-equipe"],"yoast_head":"<!-- This site is optimized with the Yoast SEO plugin v23.6 - https:\/\/yoast.com\/wordpress\/plugins\/seo\/ -->\n<title>Fernando Borges - R\u00e1dio Progresso FM<\/title>\n<meta name=\"robots\" content=\"index, follow, max-snippet:-1, max-image-preview:large, max-video-preview:-1\" \/>\n<link rel=\"canonical\" href=\"https:\/\/progresso.fm.br\/play\/fernando-borges\/\" \/>\n<meta property=\"og:locale\" content=\"pt_BR\" \/>\n<meta property=\"og:type\" content=\"article\" \/>\n<meta property=\"og:title\" content=\"Fernando Borges - R\u00e1dio Progresso FM\" \/>\n<meta property=\"og:description\" content=\"Fernando Borges reiniciou na R&aacute;dio Progresso em 23 de maio de 2020, visto que j&aacute; havia feito parte da equipe nos anos de 2013 a 2017. Est&aacute; no &agrave;r de segunda a sexta das 8 as 11 da manh&atilde; &#8211; Programa Manh&atilde; 102 &#8211; e aos s&aacute;bados das 9 as 12 no Conex&atilde;o 102. Fernando [&hellip;]\" \/>\n<meta property=\"og:url\" content=\"https:\/\/progresso.fm.br\/play\/fernando-borges\/\" \/>\n<meta property=\"og:site_name\" content=\"R\u00e1dio Progresso FM\" \/>\n<meta property=\"article:published_time\" content=\"2020-06-04T18:03:00+00:00\" \/>\n<meta property=\"og:image\" content=\"https:\/\/progresso.fm.br\/wp-content\/uploads\/2020\/06\/911162.jpg\" \/>\n\t<meta property=\"og:image:width\" content=\"960\" \/>\n\t<meta property=\"og:image:height\" content=\"466\" \/>\n\t<meta property=\"og:image:type\" content=\"image\/jpeg\" \/>\n<meta name=\"author\" content=\"suporte\" \/>\n<meta name=\"twitter:card\" content=\"summary_large_image\" \/>\n<meta name=\"twitter:label1\" content=\"Escrito por\" \/>\n\t<meta name=\"twitter:data1\" content=\"suporte\" \/>\n<script type=\"application\/ld+json\" class=\"yoast-schema-graph\">{\"@context\":\"https:\/\/schema.org\",\"@graph\":[{\"@type\":\"Article\",\"@id\":\"https:\/\/progresso.fm.br\/play\/fernando-borges\/#article\",\"isPartOf\":{\"@id\":\"https:\/\/progresso.fm.br\/play\/fernando-borges\/\"},\"author\":{\"name\":\"suporte\",\"@id\":\"https:\/\/progresso.fm.br\/play\/#\/schema\/person\/323cc4df50d9cb5aea2658b286a411ab\"},\"headline\":\"Fernando Borges\",\"datePublished\":\"2020-06-04T18:03:00+00:00\",\"dateModified\":\"2020-06-04T18:03:00+00:00\",\"mainEntityOfPage\":{\"@id\":\"https:\/\/progresso.fm.br\/play\/fernando-borges\/\"},\"wordCount\":87,\"commentCount\":0,\"publisher\":{\"@id\":\"https:\/\/progresso.fm.br\/play\/#organization\"},\"image\":{\"@id\":\"https:\/\/progresso.fm.br\/play\/fernando-borges\/#primaryimage\"},\"thumbnailUrl\":\"https:\/\/progresso.fm.br\/wp-content\/uploads\/2020\/06\/911162.jpg\",\"articleSection\":[\"Nossa Equipe\"],\"inLanguage\":\"pt-BR\",\"potentialAction\":[{\"@type\":\"CommentAction\",\"name\":\"Comment\",\"target\":[\"https:\/\/progresso.fm.br\/play\/fernando-borges\/#respond\"]}]},{\"@type\":\"WebPage\",\"@id\":\"https:\/\/progresso.fm.br\/play\/fernando-borges\/\",\"url\":\"https:\/\/progresso.fm.br\/play\/fernando-borges\/\",\"name\":\"Fernando Borges - R\u00e1dio Progresso FM\",\"isPartOf\":{\"@id\":\"https:\/\/progresso.fm.br\/play\/#website\"},\"primaryImageOfPage\":{\"@id\":\"https:\/\/progresso.fm.br\/play\/fernando-borges\/#primaryimage\"},\"image\":{\"@id\":\"https:\/\/progresso.fm.br\/play\/fernando-borges\/#primaryimage\"},\"thumbnailUrl\":\"https:\/\/progresso.fm.br\/wp-content\/uploads\/2020\/06\/911162.jpg\",\"datePublished\":\"2020-06-04T18:03:00+00:00\",\"dateModified\":\"2020-06-04T18:03:00+00:00\",\"breadcrumb\":{\"@id\":\"https:\/\/progresso.fm.br\/play\/fernando-borges\/#breadcrumb\"},\"inLanguage\":\"pt-BR\",\"potentialAction\":[{\"@type\":\"ReadAction\",\"target\":[\"https:\/\/progresso.fm.br\/play\/fernando-borges\/\"]}]},{\"@type\":\"ImageObject\",\"inLanguage\":\"pt-BR\",\"@id\":\"https:\/\/progresso.fm.br\/play\/fernando-borges\/#primaryimage\",\"url\":\"https:\/\/progresso.fm.br\/wp-content\/uploads\/2020\/06\/911162.jpg\",\"contentUrl\":\"https:\/\/progresso.fm.br\/wp-content\/uploads\/2020\/06\/911162.jpg\",\"width\":960,\"height\":466},{\"@type\":\"BreadcrumbList\",\"@id\":\"https:\/\/progresso.fm.br\/play\/fernando-borges\/#breadcrumb\",\"itemListElement\":[{\"@type\":\"ListItem\",\"position\":1,\"name\":\"In\u00edcio\",\"item\":\"https:\/\/progresso.fm.br\/play\/\"},{\"@type\":\"ListItem\",\"position\":2,\"name\":\"Fernando Borges\"}]},{\"@type\":\"WebSite\",\"@id\":\"https:\/\/progresso.fm.br\/play\/#website\",\"url\":\"https:\/\/progresso.fm.br\/play\/\",\"name\":\"R\u00e1dio Progresso FM\",\"description\":\"T\u00e1 Na Progresso, T\u00e1 Bom Demais!\",\"publisher\":{\"@id\":\"https:\/\/progresso.fm.br\/play\/#organization\"},\"potentialAction\":[{\"@type\":\"SearchAction\",\"target\":{\"@type\":\"EntryPoint\",\"urlTemplate\":\"https:\/\/progresso.fm.br\/play\/?s={search_term_string}\"},\"query-input\":{\"@type\":\"PropertyValueSpecification\",\"valueRequired\":true,\"valueName\":\"search_term_string\"}}],\"inLanguage\":\"pt-BR\"},{\"@type\":\"Organization\",\"@id\":\"https:\/\/progresso.fm.br\/play\/#organization\",\"name\":\"R\u00e1dio Progresso FM\",\"url\":\"https:\/\/progresso.fm.br\/play\/\",\"logo\":{\"@type\":\"ImageObject\",\"inLanguage\":\"pt-BR\",\"@id\":\"https:\/\/progresso.fm.br\/play\/#\/schema\/logo\/image\/\",\"url\":\"https:\/\/progresso.fm.br\/wp-content\/uploads\/2020\/11\/NEW-LOGO-FUNDO-TRANSPARENTE.png\",\"contentUrl\":\"https:\/\/progresso.fm.br\/wp-content\/uploads\/2020\/11\/NEW-LOGO-FUNDO-TRANSPARENTE.png\",\"width\":2000,\"height\":2000,\"caption\":\"R\u00e1dio Progresso FM\"},\"image\":{\"@id\":\"https:\/\/progresso.fm.br\/play\/#\/schema\/logo\/image\/\"}},{\"@type\":\"Person\",\"@id\":\"https:\/\/progresso.fm.br\/play\/#\/schema\/person\/323cc4df50d9cb5aea2658b286a411ab\",\"name\":\"suporte\",\"image\":{\"@type\":\"ImageObject\",\"inLanguage\":\"pt-BR\",\"@id\":\"https:\/\/progresso.fm.br\/play\/#\/schema\/person\/image\/\",\"url\":\"https:\/\/secure.gravatar.com\/avatar\/ef378748ac6b73a3e1d8b98c5cc732b3?s=96&d=mm&r=g\",\"contentUrl\":\"https:\/\/secure.gravatar.com\/avatar\/ef378748ac6b73a3e1d8b98c5cc732b3?s=96&d=mm&r=g\",\"caption\":\"suporte\"},\"url\":\"https:\/\/progresso.fm.br\/play\/author\/suporte\/\"}]}<\/script>\n<!-- \/ Yoast SEO plugin. -->","yoast_head_json":{"title":"Fernando Borges - R\u00e1dio Progresso FM","robots":{"index":"index","follow":"follow","max-snippet":"max-snippet:-1","max-image-preview":"max-image-preview:large","max-video-preview":"max-video-preview:-1"},"canonical":"https:\/\/progresso.fm.br\/play\/fernando-borges\/","og_locale":"pt_BR","og_type":"article","og_title":"Fernando Borges - R\u00e1dio Progresso FM","og_description":"Fernando Borges reiniciou na R&aacute;dio Progresso em 23 de maio de 2020, visto que j&aacute; havia feito parte da equipe nos anos de 2013 a 2017. Est&aacute; no &agrave;r de segunda a sexta das 8 as 11 da manh&atilde; &#8211; Programa Manh&atilde; 102 &#8211; e aos s&aacute;bados das 9 as 12 no Conex&atilde;o 102. Fernando [&hellip;]","og_url":"https:\/\/progresso.fm.br\/play\/fernando-borges\/","og_site_name":"R\u00e1dio Progresso FM","article_published_time":"2020-06-04T18:03:00+00:00","og_image":[{"width":960,"height":466,"url":"https:\/\/progresso.fm.br\/wp-content\/uploads\/2020\/06\/911162.jpg","type":"image\/jpeg"}],"author":"suporte","twitter_card":"summary_large_image","twitter_misc":{"Escrito por":"suporte"},"schema":{"@context":"https:\/\/schema.org","@graph":[{"@type":"Article","@id":"https:\/\/progresso.fm.br\/play\/fernando-borges\/#article","isPartOf":{"@id":"https:\/\/progresso.fm.br\/play\/fernando-borges\/"},"author":{"name":"suporte","@id":"https:\/\/progresso.fm.br\/play\/#\/schema\/person\/323cc4df50d9cb5aea2658b286a411ab"},"headline":"Fernando Borges","datePublished":"2020-06-04T18:03:00+00:00","dateModified":"2020-06-04T18:03:00+00:00","mainEntityOfPage":{"@id":"https:\/\/progresso.fm.br\/play\/fernando-borges\/"},"wordCount":87,"commentCount":0,"publisher":{"@id":"https:\/\/progresso.fm.br\/play\/#organization"},"image":{"@id":"https:\/\/progresso.fm.br\/play\/fernando-borges\/#primaryimage"},"thumbnailUrl":"https:\/\/progresso.fm.br\/wp-content\/uploads\/2020\/06\/911162.jpg","articleSection":["Nossa Equipe"],"inLanguage":"pt-BR","potentialAction":[{"@type":"CommentAction","name":"Comment","target":["https:\/\/progresso.fm.br\/play\/fernando-borges\/#respond"]}]},{"@type":"WebPage","@id":"https:\/\/progresso.fm.br\/play\/fernando-borges\/","url":"https:\/\/progresso.fm.br\/play\/fernando-borges\/","name":"Fernando Borges - R\u00e1dio Progresso FM","isPartOf":{"@id":"https:\/\/progresso.fm.br\/play\/#website"},"primaryImageOfPage":{"@id":"https:\/\/progresso.fm.br\/play\/fernando-borges\/#primaryimage"},"image":{"@id":"https:\/\/progresso.fm.br\/play\/fernando-borges\/#primaryimage"},"thumbnailUrl":"https:\/\/progresso.fm.br\/wp-content\/uploads\/2020\/06\/911162.jpg","datePublished":"2020-06-04T18:03:00+00:00","dateModified":"2020-06-04T18:03:00+00:00","breadcrumb":{"@id":"https:\/\/progresso.fm.br\/play\/fernando-borges\/#breadcrumb"},"inLanguage":"pt-BR","potentialAction":[{"@type":"ReadAction","target":["https:\/\/progresso.fm.br\/play\/fernando-borges\/"]}]},{"@type":"ImageObject","inLanguage":"pt-BR","@id":"https:\/\/progresso.fm.br\/play\/fernando-borges\/#primaryimage","url":"https:\/\/progresso.fm.br\/wp-content\/uploads\/2020\/06\/911162.jpg","contentUrl":"https:\/\/progresso.fm.br\/wp-content\/uploads\/2020\/06\/911162.jpg","width":960,"height":466},{"@type":"BreadcrumbList","@id":"https:\/\/progresso.fm.br\/play\/fernando-borges\/#breadcrumb","itemListElement":[{"@type":"ListItem","position":1,"name":"In\u00edcio","item":"https:\/\/progresso.fm.br\/play\/"},{"@type":"ListItem","position":2,"name":"Fernando Borges"}]},{"@type":"WebSite","@id":"https:\/\/progresso.fm.br\/play\/#website","url":"https:\/\/progresso.fm.br\/play\/","name":"R\u00e1dio Progresso FM","description":"T\u00e1 Na Progresso, T\u00e1 Bom Demais!","publisher":{"@id":"https:\/\/progresso.fm.br\/play\/#organization"},"potentialAction":[{"@type":"SearchAction","target":{"@type":"EntryPoint","urlTemplate":"https:\/\/progresso.fm.br\/play\/?s={search_term_string}"},"query-input":{"@type":"PropertyValueSpecification","valueRequired":true,"valueName":"search_term_string"}}],"inLanguage":"pt-BR"},{"@type":"Organization","@id":"https:\/\/progresso.fm.br\/play\/#organization","name":"R\u00e1dio Progresso FM","url":"https:\/\/progresso.fm.br\/play\/","logo":{"@type":"ImageObject","inLanguage":"pt-BR","@id":"https:\/\/progresso.fm.br\/play\/#\/schema\/logo\/image\/","url":"https:\/\/progresso.fm.br\/wp-content\/uploads\/2020\/11\/NEW-LOGO-FUNDO-TRANSPARENTE.png","contentUrl":"https:\/\/progresso.fm.br\/wp-content\/uploads\/2020\/11\/NEW-LOGO-FUNDO-TRANSPARENTE.png","width":2000,"height":2000,"caption":"R\u00e1dio Progresso FM"},"image":{"@id":"https:\/\/progresso.fm.br\/play\/#\/schema\/logo\/image\/"}},{"@type":"Person","@id":"https:\/\/progresso.fm.br\/play\/#\/schema\/person\/323cc4df50d9cb5aea2658b286a411ab","name":"suporte","image":{"@type":"ImageObject","inLanguage":"pt-BR","@id":"https:\/\/progresso.fm.br\/play\/#\/schema\/person\/image\/","url":"https:\/\/secure.gravatar.com\/avatar\/ef378748ac6b73a3e1d8b98c5cc732b3?s=96&d=mm&r=g","contentUrl":"https:\/\/secure.gravatar.com\/avatar\/ef378748ac6b73a3e1d8b98c5cc732b3?s=96&d=mm&r=g","caption":"suporte"},"url":"https:\/\/progresso.fm.br\/play\/author\/suporte\/"}]}},"_links":{"self":[{"href":"https:\/\/progresso.fm.br\/play\/wp-json\/wp\/v2\/posts\/1639"}],"collection":[{"href":"https:\/\/progresso.fm.br\/play\/wp-json\/wp\/v2\/posts"}],"about":[{"href":"https:\/\/progresso.fm.br\/play\/wp-json\/wp\/v2\/types\/post"}],"author":[{"embeddable":true,"href":"https:\/\/progresso.fm.br\/play\/wp-json\/wp\/v2\/users\/5"}],"replies":[{"embeddable":true,"href":"https:\/\/progresso.fm.br\/play\/wp-json\/wp\/v2\/comments?post=1639"}],"version-history":[{"count":0,"href":"https:\/\/progresso.fm.br\/play\/wp-json\/wp\/v2\/posts\/1639\/revisions"}],"wp:featuredmedia":[{"embeddable":true,"href":"https:\/\/progresso.fm.br\/play\/wp-json\/wp\/v2\/media\/1640"}],"wp:attachment":[{"href":"https:\/\/progresso.fm.br\/play\/wp-json\/wp\/v2\/media?parent=1639"}],"wp:term":[{"taxonomy":"category","embeddable":true,"href":"https:\/\/progresso.fm.br\/play\/wp-json\/wp\/v2\/categories?post=1639"},{"taxonomy":"post_tag","embeddable":true,"href":"https:\/\/progresso.fm.br\/play\/wp-json\/wp\/v2\/tags?post=1639"}],"curies":[{"name":"wp","href":"https:\/\/api.w.org\/{rel}","templated":true}]}}