{"id":2080,"date":"2020-06-23T20:48:34","date_gmt":"2020-06-23T23:48:34","guid":{"rendered":"https:\/\/go7.site\/radioprogresso\/?p=2080"},"modified":"2020-07-05T12:53:01","modified_gmt":"2020-07-05T15:53:01","slug":"panorama-esportivo","status":"publish","type":"post","link":"https:\/\/progresso.fm.br\/play\/panorama-esportivo\/","title":{"rendered":"Panorama Esportivo"},"content":{"rendered":"\n<p>De segunda a sexta As 12:30<\/p>\n","protected":false},"excerpt":{"rendered":"<p>De segunda a sexta As 12:30<\/p>\n","protected":false},"author":5,"featured_media":2112,"comment_status":"open","ping_status":"open","sticky":false,"template":"","format":"standard","meta":{"footnotes":""},"categories":[26],"tags":[],"class_list":["post-2080","post","type-post","status-publish","format-standard","has-post-thumbnail","hentry","category-programas"],"yoast_head":"<!-- This site is optimized with the Yoast SEO plugin v23.6 - https:\/\/yoast.com\/wordpress\/plugins\/seo\/ -->\n<title>Panorama Esportivo - R\u00e1dio Progresso FM<\/title>\n<meta name=\"robots\" content=\"index, follow, max-snippet:-1, max-image-preview:large, max-video-preview:-1\" \/>\n<link rel=\"canonical\" href=\"https:\/\/progresso.fm.br\/play\/panorama-esportivo\/\" \/>\n<meta property=\"og:locale\" content=\"pt_BR\" \/>\n<meta property=\"og:type\" content=\"article\" \/>\n<meta property=\"og:title\" content=\"Panorama Esportivo - R\u00e1dio Progresso FM\" \/>\n<meta property=\"og:description\" content=\"De segunda a sexta As 12:30\" \/>\n<meta property=\"og:url\" content=\"https:\/\/progresso.fm.br\/play\/panorama-esportivo\/\" \/>\n<meta property=\"og:site_name\" content=\"R\u00e1dio Progresso FM\" \/>\n<meta property=\"article:published_time\" content=\"2020-06-23T23:48:34+00:00\" \/>\n<meta property=\"article:modified_time\" content=\"2020-07-05T15:53:01+00:00\" \/>\n<meta property=\"og:image\" content=\"https:\/\/progresso.fm.br\/wp-content\/uploads\/2020\/06\/PANORAMA-ESPORTIVO.png\" \/>\n\t<meta property=\"og:image:width\" content=\"1920\" \/>\n\t<meta property=\"og:image:height\" content=\"1920\" \/>\n\t<meta property=\"og:image:type\" content=\"image\/png\" \/>\n<meta name=\"author\" content=\"suporte\" \/>\n<meta name=\"twitter:card\" content=\"summary_large_image\" \/>\n<meta name=\"twitter:label1\" content=\"Escrito por\" \/>\n\t<meta name=\"twitter:data1\" content=\"suporte\" \/>\n<script type=\"application\/ld+json\" class=\"yoast-schema-graph\">{\"@context\":\"https:\/\/schema.org\",\"@graph\":[{\"@type\":\"Article\",\"@id\":\"https:\/\/progresso.fm.br\/play\/panorama-esportivo\/#article\",\"isPartOf\":{\"@id\":\"https:\/\/progresso.fm.br\/play\/panorama-esportivo\/\"},\"author\":{\"name\":\"suporte\",\"@id\":\"https:\/\/progresso.fm.br\/play\/#\/schema\/person\/323cc4df50d9cb5aea2658b286a411ab\"},\"headline\":\"Panorama Esportivo\",\"datePublished\":\"2020-06-23T23:48:34+00:00\",\"dateModified\":\"2020-07-05T15:53:01+00:00\",\"mainEntityOfPage\":{\"@id\":\"https:\/\/progresso.fm.br\/play\/panorama-esportivo\/\"},\"wordCount\":7,\"commentCount\":0,\"publisher\":{\"@id\":\"https:\/\/progresso.fm.br\/play\/#organization\"},\"image\":{\"@id\":\"https:\/\/progresso.fm.br\/play\/panorama-esportivo\/#primaryimage\"},\"thumbnailUrl\":\"https:\/\/progresso.fm.br\/wp-content\/uploads\/2020\/06\/PANORAMA-ESPORTIVO.png\",\"articleSection\":[\"Programas\"],\"inLanguage\":\"pt-BR\",\"potentialAction\":[{\"@type\":\"CommentAction\",\"name\":\"Comment\",\"target\":[\"https:\/\/progresso.fm.br\/play\/panorama-esportivo\/#respond\"]}]},{\"@type\":\"WebPage\",\"@id\":\"https:\/\/progresso.fm.br\/play\/panorama-esportivo\/\",\"url\":\"https:\/\/progresso.fm.br\/play\/panorama-esportivo\/\",\"name\":\"Panorama Esportivo - R\u00e1dio Progresso FM\",\"isPartOf\":{\"@id\":\"https:\/\/progresso.fm.br\/play\/#website\"},\"primaryImageOfPage\":{\"@id\":\"https:\/\/progresso.fm.br\/play\/panorama-esportivo\/#primaryimage\"},\"image\":{\"@id\":\"https:\/\/progresso.fm.br\/play\/panorama-esportivo\/#primaryimage\"},\"thumbnailUrl\":\"https:\/\/progresso.fm.br\/wp-content\/uploads\/2020\/06\/PANORAMA-ESPORTIVO.png\",\"datePublished\":\"2020-06-23T23:48:34+00:00\",\"dateModified\":\"2020-07-05T15:53:01+00:00\",\"breadcrumb\":{\"@id\":\"https:\/\/progresso.fm.br\/play\/panorama-esportivo\/#breadcrumb\"},\"inLanguage\":\"pt-BR\",\"potentialAction\":[{\"@type\":\"ReadAction\",\"target\":[\"https:\/\/progresso.fm.br\/play\/panorama-esportivo\/\"]}]},{\"@type\":\"ImageObject\",\"inLanguage\":\"pt-BR\",\"@id\":\"https:\/\/progresso.fm.br\/play\/panorama-esportivo\/#primaryimage\",\"url\":\"https:\/\/progresso.fm.br\/wp-content\/uploads\/2020\/06\/PANORAMA-ESPORTIVO.png\",\"contentUrl\":\"https:\/\/progresso.fm.br\/wp-content\/uploads\/2020\/06\/PANORAMA-ESPORTIVO.png\",\"width\":1920,\"height\":1920},{\"@type\":\"BreadcrumbList\",\"@id\":\"https:\/\/progresso.fm.br\/play\/panorama-esportivo\/#breadcrumb\",\"itemListElement\":[{\"@type\":\"ListItem\",\"position\":1,\"name\":\"In\u00edcio\",\"item\":\"https:\/\/progresso.fm.br\/play\/\"},{\"@type\":\"ListItem\",\"position\":2,\"name\":\"Panorama Esportivo\"}]},{\"@type\":\"WebSite\",\"@id\":\"https:\/\/progresso.fm.br\/play\/#website\",\"url\":\"https:\/\/progresso.fm.br\/play\/\",\"name\":\"R\u00e1dio Progresso FM\",\"description\":\"T\u00e1 Na Progresso, T\u00e1 Bom Demais!\",\"publisher\":{\"@id\":\"https:\/\/progresso.fm.br\/play\/#organization\"},\"potentialAction\":[{\"@type\":\"SearchAction\",\"target\":{\"@type\":\"EntryPoint\",\"urlTemplate\":\"https:\/\/progresso.fm.br\/play\/?s={search_term_string}\"},\"query-input\":{\"@type\":\"PropertyValueSpecification\",\"valueRequired\":true,\"valueName\":\"search_term_string\"}}],\"inLanguage\":\"pt-BR\"},{\"@type\":\"Organization\",\"@id\":\"https:\/\/progresso.fm.br\/play\/#organization\",\"name\":\"R\u00e1dio Progresso FM\",\"url\":\"https:\/\/progresso.fm.br\/play\/\",\"logo\":{\"@type\":\"ImageObject\",\"inLanguage\":\"pt-BR\",\"@id\":\"https:\/\/progresso.fm.br\/play\/#\/schema\/logo\/image\/\",\"url\":\"https:\/\/progresso.fm.br\/wp-content\/uploads\/2020\/11\/NEW-LOGO-FUNDO-TRANSPARENTE.png\",\"contentUrl\":\"https:\/\/progresso.fm.br\/wp-content\/uploads\/2020\/11\/NEW-LOGO-FUNDO-TRANSPARENTE.png\",\"width\":2000,\"height\":2000,\"caption\":\"R\u00e1dio Progresso FM\"},\"image\":{\"@id\":\"https:\/\/progresso.fm.br\/play\/#\/schema\/logo\/image\/\"}},{\"@type\":\"Person\",\"@id\":\"https:\/\/progresso.fm.br\/play\/#\/schema\/person\/323cc4df50d9cb5aea2658b286a411ab\",\"name\":\"suporte\",\"image\":{\"@type\":\"ImageObject\",\"inLanguage\":\"pt-BR\",\"@id\":\"https:\/\/progresso.fm.br\/play\/#\/schema\/person\/image\/\",\"url\":\"https:\/\/secure.gravatar.com\/avatar\/ef378748ac6b73a3e1d8b98c5cc732b3?s=96&d=mm&r=g\",\"contentUrl\":\"https:\/\/secure.gravatar.com\/avatar\/ef378748ac6b73a3e1d8b98c5cc732b3?s=96&d=mm&r=g\",\"caption\":\"suporte\"},\"url\":\"https:\/\/progresso.fm.br\/play\/author\/suporte\/\"}]}<\/script>\n<!-- \/ Yoast SEO plugin. -->","yoast_head_json":{"title":"Panorama Esportivo - R\u00e1dio Progresso FM","robots":{"index":"index","follow":"follow","max-snippet":"max-snippet:-1","max-image-preview":"max-image-preview:large","max-video-preview":"max-video-preview:-1"},"canonical":"https:\/\/progresso.fm.br\/play\/panorama-esportivo\/","og_locale":"pt_BR","og_type":"article","og_title":"Panorama Esportivo - R\u00e1dio Progresso FM","og_description":"De segunda a sexta As 12:30","og_url":"https:\/\/progresso.fm.br\/play\/panorama-esportivo\/","og_site_name":"R\u00e1dio Progresso FM","article_published_time":"2020-06-23T23:48:34+00:00","article_modified_time":"2020-07-05T15:53:01+00:00","og_image":[{"width":1920,"height":1920,"url":"https:\/\/progresso.fm.br\/wp-content\/uploads\/2020\/06\/PANORAMA-ESPORTIVO.png","type":"image\/png"}],"author":"suporte","twitter_card":"summary_large_image","twitter_misc":{"Escrito por":"suporte"},"schema":{"@context":"https:\/\/schema.org","@graph":[{"@type":"Article","@id":"https:\/\/progresso.fm.br\/play\/panorama-esportivo\/#article","isPartOf":{"@id":"https:\/\/progresso.fm.br\/play\/panorama-esportivo\/"},"author":{"name":"suporte","@id":"https:\/\/progresso.fm.br\/play\/#\/schema\/person\/323cc4df50d9cb5aea2658b286a411ab"},"headline":"Panorama Esportivo","datePublished":"2020-06-23T23:48:34+00:00","dateModified":"2020-07-05T15:53:01+00:00","mainEntityOfPage":{"@id":"https:\/\/progresso.fm.br\/play\/panorama-esportivo\/"},"wordCount":7,"commentCount":0,"publisher":{"@id":"https:\/\/progresso.fm.br\/play\/#organization"},"image":{"@id":"https:\/\/progresso.fm.br\/play\/panorama-esportivo\/#primaryimage"},"thumbnailUrl":"https:\/\/progresso.fm.br\/wp-content\/uploads\/2020\/06\/PANORAMA-ESPORTIVO.png","articleSection":["Programas"],"inLanguage":"pt-BR","potentialAction":[{"@type":"CommentAction","name":"Comment","target":["https:\/\/progresso.fm.br\/play\/panorama-esportivo\/#respond"]}]},{"@type":"WebPage","@id":"https:\/\/progresso.fm.br\/play\/panorama-esportivo\/","url":"https:\/\/progresso.fm.br\/play\/panorama-esportivo\/","name":"Panorama Esportivo - R\u00e1dio Progresso FM","isPartOf":{"@id":"https:\/\/progresso.fm.br\/play\/#website"},"primaryImageOfPage":{"@id":"https:\/\/progresso.fm.br\/play\/panorama-esportivo\/#primaryimage"},"image":{"@id":"https:\/\/progresso.fm.br\/play\/panorama-esportivo\/#primaryimage"},"thumbnailUrl":"https:\/\/progresso.fm.br\/wp-content\/uploads\/2020\/06\/PANORAMA-ESPORTIVO.png","datePublished":"2020-06-23T23:48:34+00:00","dateModified":"2020-07-05T15:53:01+00:00","breadcrumb":{"@id":"https:\/\/progresso.fm.br\/play\/panorama-esportivo\/#breadcrumb"},"inLanguage":"pt-BR","potentialAction":[{"@type":"ReadAction","target":["https:\/\/progresso.fm.br\/play\/panorama-esportivo\/"]}]},{"@type":"ImageObject","inLanguage":"pt-BR","@id":"https:\/\/progresso.fm.br\/play\/panorama-esportivo\/#primaryimage","url":"https:\/\/progresso.fm.br\/wp-content\/uploads\/2020\/06\/PANORAMA-ESPORTIVO.png","contentUrl":"https:\/\/progresso.fm.br\/wp-content\/uploads\/2020\/06\/PANORAMA-ESPORTIVO.png","width":1920,"height":1920},{"@type":"BreadcrumbList","@id":"https:\/\/progresso.fm.br\/play\/panorama-esportivo\/#breadcrumb","itemListElement":[{"@type":"ListItem","position":1,"name":"In\u00edcio","item":"https:\/\/progresso.fm.br\/play\/"},{"@type":"ListItem","position":2,"name":"Panorama Esportivo"}]},{"@type":"WebSite","@id":"https:\/\/progresso.fm.br\/play\/#website","url":"https:\/\/progresso.fm.br\/play\/","name":"R\u00e1dio Progresso FM","description":"T\u00e1 Na Progresso, T\u00e1 Bom Demais!","publisher":{"@id":"https:\/\/progresso.fm.br\/play\/#organization"},"potentialAction":[{"@type":"SearchAction","target":{"@type":"EntryPoint","urlTemplate":"https:\/\/progresso.fm.br\/play\/?s={search_term_string}"},"query-input":{"@type":"PropertyValueSpecification","valueRequired":true,"valueName":"search_term_string"}}],"inLanguage":"pt-BR"},{"@type":"Organization","@id":"https:\/\/progresso.fm.br\/play\/#organization","name":"R\u00e1dio Progresso FM","url":"https:\/\/progresso.fm.br\/play\/","logo":{"@type":"ImageObject","inLanguage":"pt-BR","@id":"https:\/\/progresso.fm.br\/play\/#\/schema\/logo\/image\/","url":"https:\/\/progresso.fm.br\/wp-content\/uploads\/2020\/11\/NEW-LOGO-FUNDO-TRANSPARENTE.png","contentUrl":"https:\/\/progresso.fm.br\/wp-content\/uploads\/2020\/11\/NEW-LOGO-FUNDO-TRANSPARENTE.png","width":2000,"height":2000,"caption":"R\u00e1dio Progresso FM"},"image":{"@id":"https:\/\/progresso.fm.br\/play\/#\/schema\/logo\/image\/"}},{"@type":"Person","@id":"https:\/\/progresso.fm.br\/play\/#\/schema\/person\/323cc4df50d9cb5aea2658b286a411ab","name":"suporte","image":{"@type":"ImageObject","inLanguage":"pt-BR","@id":"https:\/\/progresso.fm.br\/play\/#\/schema\/person\/image\/","url":"https:\/\/secure.gravatar.com\/avatar\/ef378748ac6b73a3e1d8b98c5cc732b3?s=96&d=mm&r=g","contentUrl":"https:\/\/secure.gravatar.com\/avatar\/ef378748ac6b73a3e1d8b98c5cc732b3?s=96&d=mm&r=g","caption":"suporte"},"url":"https:\/\/progresso.fm.br\/play\/author\/suporte\/"}]}},"_links":{"self":[{"href":"https:\/\/progresso.fm.br\/play\/wp-json\/wp\/v2\/posts\/2080"}],"collection":[{"href":"https:\/\/progresso.fm.br\/play\/wp-json\/wp\/v2\/posts"}],"about":[{"href":"https:\/\/progresso.fm.br\/play\/wp-json\/wp\/v2\/types\/post"}],"author":[{"embeddable":true,"href":"https:\/\/progresso.fm.br\/play\/wp-json\/wp\/v2\/users\/5"}],"replies":[{"embeddable":true,"href":"https:\/\/progresso.fm.br\/play\/wp-json\/wp\/v2\/comments?post=2080"}],"version-history":[{"count":0,"href":"https:\/\/progresso.fm.br\/play\/wp-json\/wp\/v2\/posts\/2080\/revisions"}],"wp:featuredmedia":[{"embeddable":true,"href":"https:\/\/progresso.fm.br\/play\/wp-json\/wp\/v2\/media\/2112"}],"wp:attachment":[{"href":"https:\/\/progresso.fm.br\/play\/wp-json\/wp\/v2\/media?parent=2080"}],"wp:term":[{"taxonomy":"category","embeddable":true,"href":"https:\/\/progresso.fm.br\/play\/wp-json\/wp\/v2\/categories?post=2080"},{"taxonomy":"post_tag","embeddable":true,"href":"https:\/\/progresso.fm.br\/play\/wp-json\/wp\/v2\/tags?post=2080"}],"curies":[{"name":"wp","href":"https:\/\/api.w.org\/{rel}","templated":true}]}}