{"id":2599,"date":"2020-08-03T09:58:52","date_gmt":"2020-08-03T12:58:52","guid":{"rendered":"https:\/\/progresso.fm.br\/?p=2599"},"modified":"2020-08-03T09:58:52","modified_gmt":"2020-08-03T12:58:52","slug":"homem-e-detido-com-espingarda-em-nova-bandeirantes","status":"publish","type":"post","link":"https:\/\/progresso.fm.br\/play\/homem-e-detido-com-espingarda-em-nova-bandeirantes\/","title":{"rendered":"Homem \u00e9 detido com espingarda em Nova Bandeirantes"},"content":{"rendered":"<p>A For\u00e7a T\u00e1tica da Pol\u00edcia Militar\u00a0 realizava abordagens em Nova Bandeirantes (206 km de Alta Floresta), quando deparou com um ve\u00edculo suspeito com dois ocupantes.<\/p>\n<p>Durante revista pessoal nada ilegal foi encontrado, entretanto, em revista no interior do ve\u00edculo foi localizado um saco contendo uma espingarda calibre 32 e insumos para recarga de cartuchos.<\/p>\n<p>Um dos ocupantes se apresentou como propriet\u00e1rio da arma e acabou sendo detido e encaminhado para a Delegacia de Pol\u00edcia Judici\u00e1ria Civil para as provid\u00eancias cab\u00edveis.<\/p>\n<p>Fonte: Marcos Jos\u00e9 \/ Abra\u00e3o Lincoln<\/p>\n","protected":false},"excerpt":{"rendered":"<p>A For\u00e7a T\u00e1tica da Pol\u00edcia Militar\u00a0 realizava abordagens em Nova Bandeirantes (206 km de Alta Floresta), quando deparou com um ve\u00edculo suspeito com dois ocupantes. Durante revista pessoal nada ilegal foi encontrado, entretanto, em revista no interior do ve\u00edculo foi localizado um saco contendo uma espingarda calibre 32 e insumos para recarga de cartuchos. Um [&hellip;]<\/p>\n","protected":false},"author":14,"featured_media":2600,"comment_status":"closed","ping_status":"closed","sticky":false,"template":"","format":"standard","meta":{"footnotes":""},"categories":[1],"tags":[],"class_list":["post-2599","post","type-post","status-publish","format-standard","has-post-thumbnail","hentry","category-noticias"],"yoast_head":"<!-- This site is optimized with the Yoast SEO plugin v23.6 - https:\/\/yoast.com\/wordpress\/plugins\/seo\/ -->\n<title>Homem \u00e9 detido com espingarda em Nova Bandeirantes - R\u00e1dio Progresso FM<\/title>\n<meta name=\"robots\" content=\"index, follow, max-snippet:-1, max-image-preview:large, max-video-preview:-1\" \/>\n<link rel=\"canonical\" href=\"https:\/\/progresso.fm.br\/play\/homem-e-detido-com-espingarda-em-nova-bandeirantes\/\" \/>\n<meta property=\"og:locale\" content=\"pt_BR\" \/>\n<meta property=\"og:type\" content=\"article\" \/>\n<meta property=\"og:title\" content=\"Homem \u00e9 detido com espingarda em Nova Bandeirantes - R\u00e1dio Progresso FM\" \/>\n<meta property=\"og:description\" content=\"A For\u00e7a T\u00e1tica da Pol\u00edcia Militar\u00a0 realizava abordagens em Nova Bandeirantes (206 km de Alta Floresta), quando deparou com um ve\u00edculo suspeito com dois ocupantes. Durante revista pessoal nada ilegal foi encontrado, entretanto, em revista no interior do ve\u00edculo foi localizado um saco contendo uma espingarda calibre 32 e insumos para recarga de cartuchos. Um [&hellip;]\" \/>\n<meta property=\"og:url\" content=\"https:\/\/progresso.fm.br\/play\/homem-e-detido-com-espingarda-em-nova-bandeirantes\/\" \/>\n<meta property=\"og:site_name\" content=\"R\u00e1dio Progresso FM\" \/>\n<meta property=\"article:published_time\" content=\"2020-08-03T12:58:52+00:00\" \/>\n<meta property=\"og:image\" content=\"https:\/\/progresso.fm.br\/wp-content\/uploads\/2020\/08\/a6-2.jpg\" \/>\n\t<meta property=\"og:image:width\" content=\"1032\" \/>\n\t<meta property=\"og:image:height\" content=\"774\" \/>\n\t<meta property=\"og:image:type\" content=\"image\/jpeg\" \/>\n<meta name=\"author\" content=\"jornalismo\" \/>\n<meta name=\"twitter:card\" content=\"summary_large_image\" \/>\n<meta name=\"twitter:label1\" content=\"Escrito por\" \/>\n\t<meta name=\"twitter:data1\" content=\"jornalismo\" \/>\n<script type=\"application\/ld+json\" class=\"yoast-schema-graph\">{\"@context\":\"https:\/\/schema.org\",\"@graph\":[{\"@type\":\"Article\",\"@id\":\"https:\/\/progresso.fm.br\/play\/homem-e-detido-com-espingarda-em-nova-bandeirantes\/#article\",\"isPartOf\":{\"@id\":\"https:\/\/progresso.fm.br\/play\/homem-e-detido-com-espingarda-em-nova-bandeirantes\/\"},\"author\":{\"name\":\"jornalismo\",\"@id\":\"https:\/\/progresso.fm.br\/play\/#\/schema\/person\/f62bd46c714debcb4ce76c4a3f1de93a\"},\"headline\":\"Homem \u00e9 detido com espingarda em Nova Bandeirantes\",\"datePublished\":\"2020-08-03T12:58:52+00:00\",\"dateModified\":\"2020-08-03T12:58:52+00:00\",\"mainEntityOfPage\":{\"@id\":\"https:\/\/progresso.fm.br\/play\/homem-e-detido-com-espingarda-em-nova-bandeirantes\/\"},\"wordCount\":101,\"publisher\":{\"@id\":\"https:\/\/progresso.fm.br\/play\/#organization\"},\"image\":{\"@id\":\"https:\/\/progresso.fm.br\/play\/homem-e-detido-com-espingarda-em-nova-bandeirantes\/#primaryimage\"},\"thumbnailUrl\":\"https:\/\/progresso.fm.br\/wp-content\/uploads\/2020\/08\/a6-2.jpg\",\"articleSection\":[\"Not\u00edcias\"],\"inLanguage\":\"pt-BR\"},{\"@type\":\"WebPage\",\"@id\":\"https:\/\/progresso.fm.br\/play\/homem-e-detido-com-espingarda-em-nova-bandeirantes\/\",\"url\":\"https:\/\/progresso.fm.br\/play\/homem-e-detido-com-espingarda-em-nova-bandeirantes\/\",\"name\":\"Homem \u00e9 detido com espingarda em Nova Bandeirantes - R\u00e1dio Progresso FM\",\"isPartOf\":{\"@id\":\"https:\/\/progresso.fm.br\/play\/#website\"},\"primaryImageOfPage\":{\"@id\":\"https:\/\/progresso.fm.br\/play\/homem-e-detido-com-espingarda-em-nova-bandeirantes\/#primaryimage\"},\"image\":{\"@id\":\"https:\/\/progresso.fm.br\/play\/homem-e-detido-com-espingarda-em-nova-bandeirantes\/#primaryimage\"},\"thumbnailUrl\":\"https:\/\/progresso.fm.br\/wp-content\/uploads\/2020\/08\/a6-2.jpg\",\"datePublished\":\"2020-08-03T12:58:52+00:00\",\"dateModified\":\"2020-08-03T12:58:52+00:00\",\"breadcrumb\":{\"@id\":\"https:\/\/progresso.fm.br\/play\/homem-e-detido-com-espingarda-em-nova-bandeirantes\/#breadcrumb\"},\"inLanguage\":\"pt-BR\",\"potentialAction\":[{\"@type\":\"ReadAction\",\"target\":[\"https:\/\/progresso.fm.br\/play\/homem-e-detido-com-espingarda-em-nova-bandeirantes\/\"]}]},{\"@type\":\"ImageObject\",\"inLanguage\":\"pt-BR\",\"@id\":\"https:\/\/progresso.fm.br\/play\/homem-e-detido-com-espingarda-em-nova-bandeirantes\/#primaryimage\",\"url\":\"https:\/\/progresso.fm.br\/wp-content\/uploads\/2020\/08\/a6-2.jpg\",\"contentUrl\":\"https:\/\/progresso.fm.br\/wp-content\/uploads\/2020\/08\/a6-2.jpg\",\"width\":1032,\"height\":774},{\"@type\":\"BreadcrumbList\",\"@id\":\"https:\/\/progresso.fm.br\/play\/homem-e-detido-com-espingarda-em-nova-bandeirantes\/#breadcrumb\",\"itemListElement\":[{\"@type\":\"ListItem\",\"position\":1,\"name\":\"In\u00edcio\",\"item\":\"https:\/\/progresso.fm.br\/play\/\"},{\"@type\":\"ListItem\",\"position\":2,\"name\":\"Homem \u00e9 detido com espingarda em Nova Bandeirantes\"}]},{\"@type\":\"WebSite\",\"@id\":\"https:\/\/progresso.fm.br\/play\/#website\",\"url\":\"https:\/\/progresso.fm.br\/play\/\",\"name\":\"R\u00e1dio Progresso FM\",\"description\":\"T\u00e1 Na Progresso, T\u00e1 Bom Demais!\",\"publisher\":{\"@id\":\"https:\/\/progresso.fm.br\/play\/#organization\"},\"potentialAction\":[{\"@type\":\"SearchAction\",\"target\":{\"@type\":\"EntryPoint\",\"urlTemplate\":\"https:\/\/progresso.fm.br\/play\/?s={search_term_string}\"},\"query-input\":{\"@type\":\"PropertyValueSpecification\",\"valueRequired\":true,\"valueName\":\"search_term_string\"}}],\"inLanguage\":\"pt-BR\"},{\"@type\":\"Organization\",\"@id\":\"https:\/\/progresso.fm.br\/play\/#organization\",\"name\":\"R\u00e1dio Progresso FM\",\"url\":\"https:\/\/progresso.fm.br\/play\/\",\"logo\":{\"@type\":\"ImageObject\",\"inLanguage\":\"pt-BR\",\"@id\":\"https:\/\/progresso.fm.br\/play\/#\/schema\/logo\/image\/\",\"url\":\"https:\/\/progresso.fm.br\/wp-content\/uploads\/2020\/11\/NEW-LOGO-FUNDO-TRANSPARENTE.png\",\"contentUrl\":\"https:\/\/progresso.fm.br\/wp-content\/uploads\/2020\/11\/NEW-LOGO-FUNDO-TRANSPARENTE.png\",\"width\":2000,\"height\":2000,\"caption\":\"R\u00e1dio Progresso FM\"},\"image\":{\"@id\":\"https:\/\/progresso.fm.br\/play\/#\/schema\/logo\/image\/\"}},{\"@type\":\"Person\",\"@id\":\"https:\/\/progresso.fm.br\/play\/#\/schema\/person\/f62bd46c714debcb4ce76c4a3f1de93a\",\"name\":\"jornalismo\",\"image\":{\"@type\":\"ImageObject\",\"inLanguage\":\"pt-BR\",\"@id\":\"https:\/\/progresso.fm.br\/play\/#\/schema\/person\/image\/\",\"url\":\"https:\/\/secure.gravatar.com\/avatar\/c6e8f7198ec63e8d190d602b86dd5fb0?s=96&d=mm&r=g\",\"contentUrl\":\"https:\/\/secure.gravatar.com\/avatar\/c6e8f7198ec63e8d190d602b86dd5fb0?s=96&d=mm&r=g\",\"caption\":\"jornalismo\"},\"url\":\"https:\/\/progresso.fm.br\/play\/author\/jornalismo\/\"}]}<\/script>\n<!-- \/ Yoast SEO plugin. -->","yoast_head_json":{"title":"Homem \u00e9 detido com espingarda em Nova Bandeirantes - R\u00e1dio Progresso FM","robots":{"index":"index","follow":"follow","max-snippet":"max-snippet:-1","max-image-preview":"max-image-preview:large","max-video-preview":"max-video-preview:-1"},"canonical":"https:\/\/progresso.fm.br\/play\/homem-e-detido-com-espingarda-em-nova-bandeirantes\/","og_locale":"pt_BR","og_type":"article","og_title":"Homem \u00e9 detido com espingarda em Nova Bandeirantes - R\u00e1dio Progresso FM","og_description":"A For\u00e7a T\u00e1tica da Pol\u00edcia Militar\u00a0 realizava abordagens em Nova Bandeirantes (206 km de Alta Floresta), quando deparou com um ve\u00edculo suspeito com dois ocupantes. Durante revista pessoal nada ilegal foi encontrado, entretanto, em revista no interior do ve\u00edculo foi localizado um saco contendo uma espingarda calibre 32 e insumos para recarga de cartuchos. Um [&hellip;]","og_url":"https:\/\/progresso.fm.br\/play\/homem-e-detido-com-espingarda-em-nova-bandeirantes\/","og_site_name":"R\u00e1dio Progresso FM","article_published_time":"2020-08-03T12:58:52+00:00","og_image":[{"width":1032,"height":774,"url":"https:\/\/progresso.fm.br\/wp-content\/uploads\/2020\/08\/a6-2.jpg","type":"image\/jpeg"}],"author":"jornalismo","twitter_card":"summary_large_image","twitter_misc":{"Escrito por":"jornalismo"},"schema":{"@context":"https:\/\/schema.org","@graph":[{"@type":"Article","@id":"https:\/\/progresso.fm.br\/play\/homem-e-detido-com-espingarda-em-nova-bandeirantes\/#article","isPartOf":{"@id":"https:\/\/progresso.fm.br\/play\/homem-e-detido-com-espingarda-em-nova-bandeirantes\/"},"author":{"name":"jornalismo","@id":"https:\/\/progresso.fm.br\/play\/#\/schema\/person\/f62bd46c714debcb4ce76c4a3f1de93a"},"headline":"Homem \u00e9 detido com espingarda em Nova Bandeirantes","datePublished":"2020-08-03T12:58:52+00:00","dateModified":"2020-08-03T12:58:52+00:00","mainEntityOfPage":{"@id":"https:\/\/progresso.fm.br\/play\/homem-e-detido-com-espingarda-em-nova-bandeirantes\/"},"wordCount":101,"publisher":{"@id":"https:\/\/progresso.fm.br\/play\/#organization"},"image":{"@id":"https:\/\/progresso.fm.br\/play\/homem-e-detido-com-espingarda-em-nova-bandeirantes\/#primaryimage"},"thumbnailUrl":"https:\/\/progresso.fm.br\/wp-content\/uploads\/2020\/08\/a6-2.jpg","articleSection":["Not\u00edcias"],"inLanguage":"pt-BR"},{"@type":"WebPage","@id":"https:\/\/progresso.fm.br\/play\/homem-e-detido-com-espingarda-em-nova-bandeirantes\/","url":"https:\/\/progresso.fm.br\/play\/homem-e-detido-com-espingarda-em-nova-bandeirantes\/","name":"Homem \u00e9 detido com espingarda em Nova Bandeirantes - R\u00e1dio Progresso FM","isPartOf":{"@id":"https:\/\/progresso.fm.br\/play\/#website"},"primaryImageOfPage":{"@id":"https:\/\/progresso.fm.br\/play\/homem-e-detido-com-espingarda-em-nova-bandeirantes\/#primaryimage"},"image":{"@id":"https:\/\/progresso.fm.br\/play\/homem-e-detido-com-espingarda-em-nova-bandeirantes\/#primaryimage"},"thumbnailUrl":"https:\/\/progresso.fm.br\/wp-content\/uploads\/2020\/08\/a6-2.jpg","datePublished":"2020-08-03T12:58:52+00:00","dateModified":"2020-08-03T12:58:52+00:00","breadcrumb":{"@id":"https:\/\/progresso.fm.br\/play\/homem-e-detido-com-espingarda-em-nova-bandeirantes\/#breadcrumb"},"inLanguage":"pt-BR","potentialAction":[{"@type":"ReadAction","target":["https:\/\/progresso.fm.br\/play\/homem-e-detido-com-espingarda-em-nova-bandeirantes\/"]}]},{"@type":"ImageObject","inLanguage":"pt-BR","@id":"https:\/\/progresso.fm.br\/play\/homem-e-detido-com-espingarda-em-nova-bandeirantes\/#primaryimage","url":"https:\/\/progresso.fm.br\/wp-content\/uploads\/2020\/08\/a6-2.jpg","contentUrl":"https:\/\/progresso.fm.br\/wp-content\/uploads\/2020\/08\/a6-2.jpg","width":1032,"height":774},{"@type":"BreadcrumbList","@id":"https:\/\/progresso.fm.br\/play\/homem-e-detido-com-espingarda-em-nova-bandeirantes\/#breadcrumb","itemListElement":[{"@type":"ListItem","position":1,"name":"In\u00edcio","item":"https:\/\/progresso.fm.br\/play\/"},{"@type":"ListItem","position":2,"name":"Homem \u00e9 detido com espingarda em Nova Bandeirantes"}]},{"@type":"WebSite","@id":"https:\/\/progresso.fm.br\/play\/#website","url":"https:\/\/progresso.fm.br\/play\/","name":"R\u00e1dio Progresso FM","description":"T\u00e1 Na Progresso, T\u00e1 Bom Demais!","publisher":{"@id":"https:\/\/progresso.fm.br\/play\/#organization"},"potentialAction":[{"@type":"SearchAction","target":{"@type":"EntryPoint","urlTemplate":"https:\/\/progresso.fm.br\/play\/?s={search_term_string}"},"query-input":{"@type":"PropertyValueSpecification","valueRequired":true,"valueName":"search_term_string"}}],"inLanguage":"pt-BR"},{"@type":"Organization","@id":"https:\/\/progresso.fm.br\/play\/#organization","name":"R\u00e1dio Progresso FM","url":"https:\/\/progresso.fm.br\/play\/","logo":{"@type":"ImageObject","inLanguage":"pt-BR","@id":"https:\/\/progresso.fm.br\/play\/#\/schema\/logo\/image\/","url":"https:\/\/progresso.fm.br\/wp-content\/uploads\/2020\/11\/NEW-LOGO-FUNDO-TRANSPARENTE.png","contentUrl":"https:\/\/progresso.fm.br\/wp-content\/uploads\/2020\/11\/NEW-LOGO-FUNDO-TRANSPARENTE.png","width":2000,"height":2000,"caption":"R\u00e1dio Progresso FM"},"image":{"@id":"https:\/\/progresso.fm.br\/play\/#\/schema\/logo\/image\/"}},{"@type":"Person","@id":"https:\/\/progresso.fm.br\/play\/#\/schema\/person\/f62bd46c714debcb4ce76c4a3f1de93a","name":"jornalismo","image":{"@type":"ImageObject","inLanguage":"pt-BR","@id":"https:\/\/progresso.fm.br\/play\/#\/schema\/person\/image\/","url":"https:\/\/secure.gravatar.com\/avatar\/c6e8f7198ec63e8d190d602b86dd5fb0?s=96&d=mm&r=g","contentUrl":"https:\/\/secure.gravatar.com\/avatar\/c6e8f7198ec63e8d190d602b86dd5fb0?s=96&d=mm&r=g","caption":"jornalismo"},"url":"https:\/\/progresso.fm.br\/play\/author\/jornalismo\/"}]}},"_links":{"self":[{"href":"https:\/\/progresso.fm.br\/play\/wp-json\/wp\/v2\/posts\/2599"}],"collection":[{"href":"https:\/\/progresso.fm.br\/play\/wp-json\/wp\/v2\/posts"}],"about":[{"href":"https:\/\/progresso.fm.br\/play\/wp-json\/wp\/v2\/types\/post"}],"author":[{"embeddable":true,"href":"https:\/\/progresso.fm.br\/play\/wp-json\/wp\/v2\/users\/14"}],"replies":[{"embeddable":true,"href":"https:\/\/progresso.fm.br\/play\/wp-json\/wp\/v2\/comments?post=2599"}],"version-history":[{"count":0,"href":"https:\/\/progresso.fm.br\/play\/wp-json\/wp\/v2\/posts\/2599\/revisions"}],"wp:featuredmedia":[{"embeddable":true,"href":"https:\/\/progresso.fm.br\/play\/wp-json\/wp\/v2\/media\/2600"}],"wp:attachment":[{"href":"https:\/\/progresso.fm.br\/play\/wp-json\/wp\/v2\/media?parent=2599"}],"wp:term":[{"taxonomy":"category","embeddable":true,"href":"https:\/\/progresso.fm.br\/play\/wp-json\/wp\/v2\/categories?post=2599"},{"taxonomy":"post_tag","embeddable":true,"href":"https:\/\/progresso.fm.br\/play\/wp-json\/wp\/v2\/tags?post=2599"}],"curies":[{"name":"wp","href":"https:\/\/api.w.org\/{rel}","templated":true}]}}