{"id":3725,"date":"2020-12-01T14:16:42","date_gmt":"2020-12-01T17:16:42","guid":{"rendered":"https:\/\/progresso.fm.br\/?p=3725"},"modified":"2020-12-01T14:19:25","modified_gmt":"2020-12-01T17:19:25","slug":"conexao-102-2","status":"publish","type":"post","link":"https:\/\/progresso.fm.br\/play\/conexao-102-2\/","title":{"rendered":"Alta Floresta &#8211; Carreta carregada tomba e motorista fica preso entre ferragens na MT-320"},"content":{"rendered":"","protected":false},"excerpt":{"rendered":"","protected":false},"author":5,"featured_media":0,"comment_status":"closed","ping_status":"closed","sticky":false,"template":"","format":"standard","meta":{"footnotes":""},"categories":[28],"tags":[],"class_list":["post-3725","post","type-post","status-publish","format-standard","hentry","category-videos"],"yoast_head":"<!-- This site is optimized with the Yoast SEO plugin v23.6 - https:\/\/yoast.com\/wordpress\/plugins\/seo\/ -->\n<title>Alta Floresta - Carreta carregada tomba e motorista fica preso entre ferragens na MT-320 - R\u00e1dio Progresso FM<\/title>\n<meta name=\"robots\" content=\"index, follow, max-snippet:-1, max-image-preview:large, max-video-preview:-1\" \/>\n<link rel=\"canonical\" href=\"https:\/\/progresso.fm.br\/play\/conexao-102-2\/\" \/>\n<meta property=\"og:locale\" content=\"pt_BR\" \/>\n<meta property=\"og:type\" content=\"article\" \/>\n<meta property=\"og:title\" content=\"Alta Floresta - Carreta carregada tomba e motorista fica preso entre ferragens na MT-320 - R\u00e1dio Progresso FM\" \/>\n<meta property=\"og:url\" content=\"https:\/\/progresso.fm.br\/play\/conexao-102-2\/\" \/>\n<meta property=\"og:site_name\" content=\"R\u00e1dio Progresso FM\" \/>\n<meta property=\"article:published_time\" content=\"2020-12-01T17:16:42+00:00\" \/>\n<meta property=\"article:modified_time\" content=\"2020-12-01T17:19:25+00:00\" \/>\n<meta name=\"author\" content=\"suporte\" \/>\n<meta name=\"twitter:card\" content=\"summary_large_image\" \/>\n<meta name=\"twitter:label1\" content=\"Escrito por\" \/>\n\t<meta name=\"twitter:data1\" content=\"suporte\" \/>\n<script type=\"application\/ld+json\" class=\"yoast-schema-graph\">{\"@context\":\"https:\/\/schema.org\",\"@graph\":[{\"@type\":\"Article\",\"@id\":\"https:\/\/progresso.fm.br\/play\/conexao-102-2\/#article\",\"isPartOf\":{\"@id\":\"https:\/\/progresso.fm.br\/play\/conexao-102-2\/\"},\"author\":{\"name\":\"suporte\",\"@id\":\"https:\/\/progresso.fm.br\/play\/#\/schema\/person\/323cc4df50d9cb5aea2658b286a411ab\"},\"headline\":\"Alta Floresta &#8211; Carreta carregada tomba e motorista fica preso entre ferragens na MT-320\",\"datePublished\":\"2020-12-01T17:16:42+00:00\",\"dateModified\":\"2020-12-01T17:19:25+00:00\",\"mainEntityOfPage\":{\"@id\":\"https:\/\/progresso.fm.br\/play\/conexao-102-2\/\"},\"wordCount\":14,\"publisher\":{\"@id\":\"https:\/\/progresso.fm.br\/play\/#organization\"},\"articleSection\":[\"V\u00eddeos\"],\"inLanguage\":\"pt-BR\"},{\"@type\":\"WebPage\",\"@id\":\"https:\/\/progresso.fm.br\/play\/conexao-102-2\/\",\"url\":\"https:\/\/progresso.fm.br\/play\/conexao-102-2\/\",\"name\":\"Alta Floresta - Carreta carregada tomba e motorista fica preso entre ferragens na MT-320 - R\u00e1dio Progresso FM\",\"isPartOf\":{\"@id\":\"https:\/\/progresso.fm.br\/play\/#website\"},\"datePublished\":\"2020-12-01T17:16:42+00:00\",\"dateModified\":\"2020-12-01T17:19:25+00:00\",\"breadcrumb\":{\"@id\":\"https:\/\/progresso.fm.br\/play\/conexao-102-2\/#breadcrumb\"},\"inLanguage\":\"pt-BR\",\"potentialAction\":[{\"@type\":\"ReadAction\",\"target\":[\"https:\/\/progresso.fm.br\/play\/conexao-102-2\/\"]}]},{\"@type\":\"BreadcrumbList\",\"@id\":\"https:\/\/progresso.fm.br\/play\/conexao-102-2\/#breadcrumb\",\"itemListElement\":[{\"@type\":\"ListItem\",\"position\":1,\"name\":\"In\u00edcio\",\"item\":\"https:\/\/progresso.fm.br\/play\/\"},{\"@type\":\"ListItem\",\"position\":2,\"name\":\"Alta Floresta &#8211; Carreta carregada tomba e motorista fica preso entre ferragens na MT-320\"}]},{\"@type\":\"WebSite\",\"@id\":\"https:\/\/progresso.fm.br\/play\/#website\",\"url\":\"https:\/\/progresso.fm.br\/play\/\",\"name\":\"R\u00e1dio Progresso FM\",\"description\":\"T\u00e1 Na Progresso, T\u00e1 Bom Demais!\",\"publisher\":{\"@id\":\"https:\/\/progresso.fm.br\/play\/#organization\"},\"potentialAction\":[{\"@type\":\"SearchAction\",\"target\":{\"@type\":\"EntryPoint\",\"urlTemplate\":\"https:\/\/progresso.fm.br\/play\/?s={search_term_string}\"},\"query-input\":{\"@type\":\"PropertyValueSpecification\",\"valueRequired\":true,\"valueName\":\"search_term_string\"}}],\"inLanguage\":\"pt-BR\"},{\"@type\":\"Organization\",\"@id\":\"https:\/\/progresso.fm.br\/play\/#organization\",\"name\":\"R\u00e1dio Progresso FM\",\"url\":\"https:\/\/progresso.fm.br\/play\/\",\"logo\":{\"@type\":\"ImageObject\",\"inLanguage\":\"pt-BR\",\"@id\":\"https:\/\/progresso.fm.br\/play\/#\/schema\/logo\/image\/\",\"url\":\"https:\/\/progresso.fm.br\/wp-content\/uploads\/2020\/11\/NEW-LOGO-FUNDO-TRANSPARENTE.png\",\"contentUrl\":\"https:\/\/progresso.fm.br\/wp-content\/uploads\/2020\/11\/NEW-LOGO-FUNDO-TRANSPARENTE.png\",\"width\":2000,\"height\":2000,\"caption\":\"R\u00e1dio Progresso FM\"},\"image\":{\"@id\":\"https:\/\/progresso.fm.br\/play\/#\/schema\/logo\/image\/\"}},{\"@type\":\"Person\",\"@id\":\"https:\/\/progresso.fm.br\/play\/#\/schema\/person\/323cc4df50d9cb5aea2658b286a411ab\",\"name\":\"suporte\",\"image\":{\"@type\":\"ImageObject\",\"inLanguage\":\"pt-BR\",\"@id\":\"https:\/\/progresso.fm.br\/play\/#\/schema\/person\/image\/\",\"url\":\"https:\/\/secure.gravatar.com\/avatar\/ef378748ac6b73a3e1d8b98c5cc732b3?s=96&d=mm&r=g\",\"contentUrl\":\"https:\/\/secure.gravatar.com\/avatar\/ef378748ac6b73a3e1d8b98c5cc732b3?s=96&d=mm&r=g\",\"caption\":\"suporte\"},\"url\":\"https:\/\/progresso.fm.br\/play\/author\/suporte\/\"}]}<\/script>\n<!-- \/ Yoast SEO plugin. -->","yoast_head_json":{"title":"Alta Floresta - Carreta carregada tomba e motorista fica preso entre ferragens na MT-320 - R\u00e1dio Progresso FM","robots":{"index":"index","follow":"follow","max-snippet":"max-snippet:-1","max-image-preview":"max-image-preview:large","max-video-preview":"max-video-preview:-1"},"canonical":"https:\/\/progresso.fm.br\/play\/conexao-102-2\/","og_locale":"pt_BR","og_type":"article","og_title":"Alta Floresta - Carreta carregada tomba e motorista fica preso entre ferragens na MT-320 - R\u00e1dio Progresso FM","og_url":"https:\/\/progresso.fm.br\/play\/conexao-102-2\/","og_site_name":"R\u00e1dio Progresso FM","article_published_time":"2020-12-01T17:16:42+00:00","article_modified_time":"2020-12-01T17:19:25+00:00","author":"suporte","twitter_card":"summary_large_image","twitter_misc":{"Escrito por":"suporte"},"schema":{"@context":"https:\/\/schema.org","@graph":[{"@type":"Article","@id":"https:\/\/progresso.fm.br\/play\/conexao-102-2\/#article","isPartOf":{"@id":"https:\/\/progresso.fm.br\/play\/conexao-102-2\/"},"author":{"name":"suporte","@id":"https:\/\/progresso.fm.br\/play\/#\/schema\/person\/323cc4df50d9cb5aea2658b286a411ab"},"headline":"Alta Floresta &#8211; Carreta carregada tomba e motorista fica preso entre ferragens na MT-320","datePublished":"2020-12-01T17:16:42+00:00","dateModified":"2020-12-01T17:19:25+00:00","mainEntityOfPage":{"@id":"https:\/\/progresso.fm.br\/play\/conexao-102-2\/"},"wordCount":14,"publisher":{"@id":"https:\/\/progresso.fm.br\/play\/#organization"},"articleSection":["V\u00eddeos"],"inLanguage":"pt-BR"},{"@type":"WebPage","@id":"https:\/\/progresso.fm.br\/play\/conexao-102-2\/","url":"https:\/\/progresso.fm.br\/play\/conexao-102-2\/","name":"Alta Floresta - Carreta carregada tomba e motorista fica preso entre ferragens na MT-320 - R\u00e1dio Progresso FM","isPartOf":{"@id":"https:\/\/progresso.fm.br\/play\/#website"},"datePublished":"2020-12-01T17:16:42+00:00","dateModified":"2020-12-01T17:19:25+00:00","breadcrumb":{"@id":"https:\/\/progresso.fm.br\/play\/conexao-102-2\/#breadcrumb"},"inLanguage":"pt-BR","potentialAction":[{"@type":"ReadAction","target":["https:\/\/progresso.fm.br\/play\/conexao-102-2\/"]}]},{"@type":"BreadcrumbList","@id":"https:\/\/progresso.fm.br\/play\/conexao-102-2\/#breadcrumb","itemListElement":[{"@type":"ListItem","position":1,"name":"In\u00edcio","item":"https:\/\/progresso.fm.br\/play\/"},{"@type":"ListItem","position":2,"name":"Alta Floresta &#8211; Carreta carregada tomba e motorista fica preso entre ferragens na MT-320"}]},{"@type":"WebSite","@id":"https:\/\/progresso.fm.br\/play\/#website","url":"https:\/\/progresso.fm.br\/play\/","name":"R\u00e1dio Progresso FM","description":"T\u00e1 Na Progresso, T\u00e1 Bom Demais!","publisher":{"@id":"https:\/\/progresso.fm.br\/play\/#organization"},"potentialAction":[{"@type":"SearchAction","target":{"@type":"EntryPoint","urlTemplate":"https:\/\/progresso.fm.br\/play\/?s={search_term_string}"},"query-input":{"@type":"PropertyValueSpecification","valueRequired":true,"valueName":"search_term_string"}}],"inLanguage":"pt-BR"},{"@type":"Organization","@id":"https:\/\/progresso.fm.br\/play\/#organization","name":"R\u00e1dio Progresso FM","url":"https:\/\/progresso.fm.br\/play\/","logo":{"@type":"ImageObject","inLanguage":"pt-BR","@id":"https:\/\/progresso.fm.br\/play\/#\/schema\/logo\/image\/","url":"https:\/\/progresso.fm.br\/wp-content\/uploads\/2020\/11\/NEW-LOGO-FUNDO-TRANSPARENTE.png","contentUrl":"https:\/\/progresso.fm.br\/wp-content\/uploads\/2020\/11\/NEW-LOGO-FUNDO-TRANSPARENTE.png","width":2000,"height":2000,"caption":"R\u00e1dio Progresso FM"},"image":{"@id":"https:\/\/progresso.fm.br\/play\/#\/schema\/logo\/image\/"}},{"@type":"Person","@id":"https:\/\/progresso.fm.br\/play\/#\/schema\/person\/323cc4df50d9cb5aea2658b286a411ab","name":"suporte","image":{"@type":"ImageObject","inLanguage":"pt-BR","@id":"https:\/\/progresso.fm.br\/play\/#\/schema\/person\/image\/","url":"https:\/\/secure.gravatar.com\/avatar\/ef378748ac6b73a3e1d8b98c5cc732b3?s=96&d=mm&r=g","contentUrl":"https:\/\/secure.gravatar.com\/avatar\/ef378748ac6b73a3e1d8b98c5cc732b3?s=96&d=mm&r=g","caption":"suporte"},"url":"https:\/\/progresso.fm.br\/play\/author\/suporte\/"}]}},"_links":{"self":[{"href":"https:\/\/progresso.fm.br\/play\/wp-json\/wp\/v2\/posts\/3725"}],"collection":[{"href":"https:\/\/progresso.fm.br\/play\/wp-json\/wp\/v2\/posts"}],"about":[{"href":"https:\/\/progresso.fm.br\/play\/wp-json\/wp\/v2\/types\/post"}],"author":[{"embeddable":true,"href":"https:\/\/progresso.fm.br\/play\/wp-json\/wp\/v2\/users\/5"}],"replies":[{"embeddable":true,"href":"https:\/\/progresso.fm.br\/play\/wp-json\/wp\/v2\/comments?post=3725"}],"version-history":[{"count":0,"href":"https:\/\/progresso.fm.br\/play\/wp-json\/wp\/v2\/posts\/3725\/revisions"}],"wp:attachment":[{"href":"https:\/\/progresso.fm.br\/play\/wp-json\/wp\/v2\/media?parent=3725"}],"wp:term":[{"taxonomy":"category","embeddable":true,"href":"https:\/\/progresso.fm.br\/play\/wp-json\/wp\/v2\/categories?post=3725"},{"taxonomy":"post_tag","embeddable":true,"href":"https:\/\/progresso.fm.br\/play\/wp-json\/wp\/v2\/tags?post=3725"}],"curies":[{"name":"wp","href":"https:\/\/api.w.org\/{rel}","templated":true}]}}